{"id":186,"date":"2021-10-07T21:49:42","date_gmt":"2021-10-07T19:49:42","guid":{"rendered":"https:\/\/www.projektdigital.at\/?p=186"},"modified":"2022-07-21T11:41:00","modified_gmt":"2022-07-21T09:41:00","slug":"67-ifd-kongress-2019-mit-ifd-award-in-edinburgh","status":"publish","type":"post","link":"https:\/\/ifd-roof.com\/index.php\/2021\/10\/07\/67-ifd-kongress-2019-mit-ifd-award-in-edinburgh\/","title":{"rendered":"67. IFD Kongress 2019 mit IFD AWARD in Edinburgh"},"content":{"rendered":"\n<div style=\"height:40px\" aria-hidden=\"true\" class=\"wp-block-spacer\"><\/div>\n\n\n\n<h2 class=\"has-text-align-center wp-block-heading\"><strong>Ein Kongress mit vielen Highlights \u2013 Edinburgh 2019<\/strong><\/h2>\n\n\n\n<div style=\"height:40px\" aria-hidden=\"true\" class=\"wp-block-spacer\"><\/div>\n\n\n\n<div class=\"wp-block-columns is-layout-flex wp-container-core-columns-is-layout-9d6595d7 wp-block-columns-is-layout-flex\">\n<div class=\"wp-block-column is-layout-flow wp-block-column-is-layout-flow\" style=\"flex-basis:33.33%\"><\/div>\n\n\n\n<div class=\"wp-block-column is-layout-flow wp-block-column-is-layout-flow\" style=\"flex-basis:66.66%\"><\/div>\n<\/div>\n\n\n\n<div class=\"wp-block-columns is-layout-flex wp-container-core-columns-is-layout-9d6595d7 wp-block-columns-is-layout-flex\">\n<div class=\"wp-block-column is-layout-flow wp-block-column-is-layout-flow\" style=\"flex-basis:66.66%\">\n<p><strong>300 Teilnehmer aus 19 L\u00e4ndern, von China \u00fcber S\u00fcdafrika bis zu Kanada und den USA, aber mit Schwerpunkt Europa erlebten eine Begr\u00fc\u00dfung im schottischen Parlament, einen nationalen Abend im Edinburgh Castle und die Preisverleihung der IFD AWARDS beim Galaabend mit f\u00fcnf Preistr\u00e4gern in vier Kategorien. Und letztendlich hat die IFD seit Edinburgh einen Pr\u00e4sidenten aus Edinburgh.<\/strong><\/p>\n\n\n\n<p>Die Schottische Hauptstadt Edinburgh hat sich in bester Laune pr\u00e4sentiert und auch das Wetter hat (meisten) mitgespielt. Sonnenschein und tolle Events hatte Graeme Millar, IFD Vorstandsmitglied und geborener Edinburgher versprochen. Und er konnte sein Versprechen halten. Alle waren beeindruckt von der Sch\u00f6nheit Edinburghs und seiner besonderen Atmosph\u00e4re.<\/p>\n\n\n\n<p>Die Vortr\u00e4ge bei der Konferenz, die Ergebnisse der AWARDS und das Miteinander an den Abendveranstaltungen waren alle besonders.<\/p>\n\n\n\n<p>F\u00fcr Graeme Millar war es bestimmt auch etwas Besonderes, zum Abschluss des Kongresses 2019 bei der Mitgliederversammlung der IFD als neuer IFD Pr\u00e4sident inthronisiert zu werden.<\/p>\n<\/div>\n\n\n\n<div class=\"wp-block-column is-layout-flow wp-block-column-is-layout-flow\" style=\"flex-basis:33.33%\">\n<figure class=\"wp-block-image size-full\"><img decoding=\"async\" src=\"https:\/\/www.projektdigital.at\/wp-content\/uploads\/2021\/10\/ifdcongress2019-print-966-2_447-2.jpeg\" alt=\"\" class=\"wp-image-192\"\/><\/figure>\n<\/div>\n<\/div>\n\n\n\n<div class=\"wp-block-columns is-layout-flex wp-container-core-columns-is-layout-9d6595d7 wp-block-columns-is-layout-flex\">\n<div class=\"wp-block-column is-layout-flow wp-block-column-is-layout-flow\" style=\"flex-basis:33.33%\">\n<figure class=\"wp-block-image size-full\"><img decoding=\"async\" src=\"https:\/\/www.projektdigital.at\/wp-content\/uploads\/2021\/10\/ifdcongress2019-print-85_4189.jpeg\" alt=\"\" class=\"wp-image-193\"\/><\/figure>\n<\/div>\n\n\n\n<div class=\"wp-block-column is-layout-flow wp-block-column-is-layout-flow\" style=\"flex-basis:66.66%\">\n<p><strong>Begr\u00fc\u00dfung und Er\u00f6ffnung des IFD Kongresses am Mittwoch<\/strong><\/p>\n\n\n\n<p>Anreisetag f\u00fcr die Kongressteilnehmer war wie \u00fcblich Mittwoch. Sie registrierten sich im Kongresshotel, dem Radisson Blu Edinburgh. Viele nutzten auch die M\u00f6glichkeit, die sch\u00f6ne Stadt Edinburgh zu besuchen.<\/p>\n\n\n\n<p>Abweichend vom bisherigen Procedere hatten die schottischen Mitglieder des britischen Dachdeckerunternehmerverbandes NFRC zun\u00e4chst zu einer Begr\u00fc\u00dfung durch schottische Parlamentarier ins schottische Parlament in Edinburgh eingeladen.<\/p>\n<\/div>\n<\/div>\n\n\n\n<div class=\"wp-block-columns is-layout-flex wp-container-core-columns-is-layout-9d6595d7 wp-block-columns-is-layout-flex\">\n<div class=\"wp-block-column is-layout-flow wp-block-column-is-layout-flow\" style=\"flex-basis:66.66%\">\n<p>Sicherheit geht vor und so mussten alle eingeladenen Teilnehmer eine etwas l\u00e4nger dauernde Kontrolle \u00fcber sich ergehen lassen. Aber dann konnte alle das vom katalanischen Architekten Enric Miralles entworfene moderne Geb\u00e4ude betreten. Die Abgeordnete Christine Graham, MSP und weitere Kollegen begr\u00fc\u00dften die IFD Delegierten. Repr\u00e4sentanten von NFRC und IFD bedankten sich f\u00fcr die Einladung und hoben die gemeinsamen Ziele von Schottland und der IFD z.B. im Bereich Ausbildung, Schulung und Qualit\u00e4t der ausgef\u00fchrten Leistungen hervor. Anschlie\u00dfend konnte auch der Parlamentssaal besichtigt werden.<\/p>\n<\/div>\n\n\n\n<div class=\"wp-block-column is-layout-flow wp-block-column-is-layout-flow\" style=\"flex-basis:33.33%\">\n<figure class=\"wp-block-image size-full\"><img decoding=\"async\" src=\"https:\/\/www.projektdigital.at\/wp-content\/uploads\/2021\/10\/ifdcongress2019-print-87-2_750.jpeg\" alt=\"\" class=\"wp-image-194\"\/><\/figure>\n<\/div>\n<\/div>\n\n\n\n<div class=\"wp-block-columns is-layout-flex wp-container-core-columns-is-layout-9d6595d7 wp-block-columns-is-layout-flex\">\n<div class=\"wp-block-column is-layout-flow wp-block-column-is-layout-flow\" style=\"flex-basis:33.33%\">\n<figure class=\"wp-block-image size-full\"><img decoding=\"async\" src=\"https:\/\/www.projektdigital.at\/wp-content\/uploads\/2021\/10\/ifdcongress2019-print-182-2_048.jpeg\" alt=\"\" class=\"wp-image-195\"\/><\/figure>\n<\/div>\n\n\n\n<div class=\"wp-block-column is-layout-flow wp-block-column-is-layout-flow\" style=\"flex-basis:66.66%\">\n<p>Nach einer kurzen Fahrt mit dem Bus fand dann im Kongresshotel die eigentliche Er\u00f6ffnung des 67. IFD Kongresses statt. Graeme Millar von NFRC Schottland begr\u00fc\u00dfte zun\u00e4chst und stellte seine Heimatstadt vor. IFD Pr\u00e4sident Walter Bisig begr\u00fc\u00dfte f\u00fcr die IFD und er\u00f6ffnete den Kongress.<\/p>\n\n\n\n<p>In gem\u00fctlicher Runde wurden alte Freunde begr\u00fc\u00dft und nat\u00fcrlich wurde auch die M\u00f6glichkeit genutzt, neue Mitglieder kennenzulernen.<\/p>\n<\/div>\n<\/div>\n\n\n\n<div style=\"height:100px\" aria-hidden=\"true\" class=\"wp-block-spacer\"><\/div>\n\n\n\n<h2 class=\"wp-block-heading\"><strong>1. Teil der IFD Konferenz mit Berichten aus den IFD Kommissionen<\/strong><\/h2>\n\n\n\n<div class=\"wp-block-columns is-layout-flex wp-container-core-columns-is-layout-9d6595d7 wp-block-columns-is-layout-flex\">\n<div class=\"wp-block-column is-layout-flow wp-block-column-is-layout-flow\" style=\"flex-basis:66.66%\">\n<p>Am Donnerstagmorgen begann der erste Konferenztag um 9.00 Uhr mit der Begr\u00fc\u00dfung durch den IFD-Pr\u00e4sidenten Walter Bisig aus der Schweiz. W\u00e4hrend aller Veranstaltungen im Kongresshotel Radisson Blu Edinburgh konnten die Teilnehmer die f\u00fcr die IFD AWARD 2019 nominierten Objekt auf Schautafeln begutachten.<\/p>\n\n\n\n<p>Die Vortr\u00e4ge der Referenten beim Kongress am Donnerstagvormittag und am Freitag wurden sehr gut besucht und alle Teilnehmer bewerteten die dargebotenen Informationen und Pr\u00e4sentationen als wertvoll oder hervorragend.<\/p>\n<\/div>\n\n\n\n<div class=\"wp-block-column is-layout-flow wp-block-column-is-layout-flow\" style=\"flex-basis:33.33%\">\n<figure class=\"wp-block-image size-full\"><img fetchpriority=\"high\" decoding=\"async\" width=\"1024\" height=\"731\" src=\"https:\/\/ifd-roof.com\/wp-content\/uploads\/2022\/07\/ifdcongress2019-print-206_709.jpeg\" alt=\"\" class=\"wp-image-651\" srcset=\"https:\/\/ifd-roof.com\/wp-content\/uploads\/2022\/07\/ifdcongress2019-print-206_709.jpeg 1024w, https:\/\/ifd-roof.com\/wp-content\/uploads\/2022\/07\/ifdcongress2019-print-206_709-300x214.jpeg 300w, https:\/\/ifd-roof.com\/wp-content\/uploads\/2022\/07\/ifdcongress2019-print-206_709-768x548.jpeg 768w, https:\/\/ifd-roof.com\/wp-content\/uploads\/2022\/07\/ifdcongress2019-print-206_709-71x51.jpeg 71w\" sizes=\"(max-width: 1024px) 100vw, 1024px\" \/><\/figure>\n<\/div>\n<\/div>\n\n\n\n<p>Am Donnerstagvormittag standen Ergebnisse von IFD Kommissionen im Fokus. Die vorgestellten Entw\u00fcrfe zweier IFD Richtlinien wurden am Samstag von der Mitgliederversammlung verabschiedet. Die neuen <\/p>\n\n\n\n<p><strong><strong>IFD &#8211; RICHTLINIE REGENSICHERHEIT 2019<\/strong><\/strong> &#8211; <strong>IFD-RICHTLINIE F\u00dcR DIE PLANUNG UND AUSF\u00dcHRUNG VON&nbsp;ZUSATZMASSNAHMEN ZUR UNTERST\u00dcTZUNG DER REGENSICHERHEIT VON GENEIGTEN D\u00c4CHERN<\/strong><\/p>\n\n\n\n<p>und die<\/p>\n\n\n\n<p><strong><strong>IFD RICHTLINIE FLACHDACH-MONITORING 2019<\/strong><\/strong> &#8211; <strong>IFD-RICHTLINIE F\u00dcR DIE PLANUNG UND AUSF\u00dcHRUNG VON DICHTHEITS- UND FEUCHTEMONITORINGSYSTEMEN, Teil 1 &#8211; GRUNDLAGEN<\/strong><\/p>\n\n\n\n<p>sind damit auf der IFD Webseite&nbsp;<a href=\"http:\/\/www.ifd-roof.eu\/\">www.ifd-roof.eu<\/a>&nbsp;\u00f6ffentlich zug\u00e4nglich.<\/p>\n\n\n\n<p>Weitere Themen der Konferenz waren ein internationales Berufsbild f\u00fcr das Dachdeckerhandwerk und neue Zertifizierungs- und Akkreditierungsprogramm f\u00fcr die Dachdecker in den USA und Gro\u00dfbritannien. Auch Sicherheit und Gesundheitsschutz sind Aufgaben der IFD. Ein Vortrag \u00fcber das Bewusstsein f\u00fcr psychische Gesundheit im Baugewerbe hat viele Teilnehmer sehr nachdenklich gemacht.<\/p>\n\n\n\n<div class=\"wp-block-columns is-layout-flex wp-container-core-columns-is-layout-9d6595d7 wp-block-columns-is-layout-flex\">\n<div class=\"wp-block-column is-layout-flow wp-block-column-is-layout-flow\" style=\"flex-basis:33.33%\">\n<figure class=\"wp-block-image size-full is-resized\"><img decoding=\"async\" src=\"https:\/\/ifd-roof.com\/wp-content\/uploads\/2022\/07\/ifdcongress2019-print-278-2_222.jpeg\" alt=\"\" class=\"wp-image-653\" width=\"263\" height=\"217\" srcset=\"https:\/\/ifd-roof.com\/wp-content\/uploads\/2022\/07\/ifdcongress2019-print-278-2_222.jpeg 1024w, https:\/\/ifd-roof.com\/wp-content\/uploads\/2022\/07\/ifdcongress2019-print-278-2_222-300x248.jpeg 300w, https:\/\/ifd-roof.com\/wp-content\/uploads\/2022\/07\/ifdcongress2019-print-278-2_222-768x635.jpeg 768w, https:\/\/ifd-roof.com\/wp-content\/uploads\/2022\/07\/ifdcongress2019-print-278-2_222-71x59.jpeg 71w\" sizes=\"(max-width: 263px) 100vw, 263px\" \/><\/figure>\n<\/div>\n\n\n\n<div class=\"wp-block-column is-layout-flow wp-block-column-is-layout-flow\" style=\"flex-basis:66.66%\">\n<p>Zum Mittagessen waren die Teilnehmer zu einer Ausstellung von Partnern des Dachdeckerverbandes NFRC in einem anderen Raum des Hotels eingeladen. Die Delegierten nutzten regelm\u00e4\u00dfig diese M\u00f6glichkeiten sich \u00fcber Produktentwicklungen und Techniken zu informieren.<\/p>\n\n\n\n<p>Am Nachmittag schloss sich eine Besichtigung der wundersch\u00f6nen Stadt Edinburgh an. Die begleitenden Teilnehmer hatten am Vormittag das Holyrood House besucht und damit die offizielle Residenz der britischen K\u00f6nigin in Schottland besichtigen k\u00f6nnen.<\/p>\n<\/div>\n<\/div>\n\n\n\n<div class=\"wp-block-columns is-layout-flex wp-container-core-columns-is-layout-9d6595d7 wp-block-columns-is-layout-flex\">\n<div class=\"wp-block-column is-layout-flow wp-block-column-is-layout-flow\" style=\"flex-basis:66.66%\">\n<h4 class=\"wp-block-heading\"><strong>Traditioneller schottischer Abend im Edinburgh Castle<\/strong><\/h4>\n\n\n\n<p>Nach einem Empfang von NFRC im Hotel ging es mit Bussen zum weltbekannten Edinburgher Schloss, besser bekannt als Edinburgh Castle. Dort wurden die G\u00e4ste von einem Dudelsackspieler empfangen.<\/p>\n\n\n\n<p>Graeme Millar begr\u00fc\u00dfte die Kongressteilnehmer, einige Nominierte der AWARDS und viele G\u00e4ste speziell aus Schottland, zusammen etwa 250 Personen. Der Abend an diesem herausragenden Platz wurde gemeinsam von NFRC, der IFD und VELUX als Sponsor erm\u00f6glicht. Es gab traditionelle Speisen, zum Beispiel Haggis, f\u00fcr einige gew\u00f6hnungsbed\u00fcrftig und Getr\u00e4nke.<\/p>\n\n\n\n<p>Die festlichen R\u00e4ume des Schlosses konnten besichtigt werden. Es wurden T\u00e4nze vorgef\u00fchrt, das war ein Genuss f\u00fcr alle. Eine Whisky Probe wurde angeboten und reichlich genutzt. Es wurde sp\u00e4t und ein fr\u00f6hlicher Abend. Verabschiedet wurden die G\u00e4ste von einer Dudelsackband \u2013 den Pipers aus Edinburgh.<\/p>\n<\/div>\n\n\n\n<div class=\"wp-block-column is-layout-flow wp-block-column-is-layout-flow\" style=\"flex-basis:33.33%\">\n<figure class=\"wp-block-image size-full is-resized\"><img decoding=\"async\" src=\"https:\/\/ifd-roof.com\/wp-content\/uploads\/2022\/07\/20190926-190119_236.jpeg\" alt=\"\" class=\"wp-image-656\" width=\"262\" height=\"349\" srcset=\"https:\/\/ifd-roof.com\/wp-content\/uploads\/2022\/07\/20190926-190119_236.jpeg 768w, https:\/\/ifd-roof.com\/wp-content\/uploads\/2022\/07\/20190926-190119_236-225x300.jpeg 225w, https:\/\/ifd-roof.com\/wp-content\/uploads\/2022\/07\/20190926-190119_236-71x95.jpeg 71w\" sizes=\"(max-width: 262px) 100vw, 262px\" \/><\/figure>\n<\/div>\n<\/div>\n\n\n\n<div class=\"wp-block-columns is-layout-flex wp-container-core-columns-is-layout-9d6595d7 wp-block-columns-is-layout-flex\">\n<div class=\"wp-block-column is-layout-flow wp-block-column-is-layout-flow\" style=\"flex-basis:33.33%\">\n<figure class=\"wp-block-image size-full\"><img loading=\"lazy\" decoding=\"async\" width=\"852\" height=\"1024\" src=\"https:\/\/ifd-roof.com\/wp-content\/uploads\/2022\/07\/20190926-195833-2_674.jpeg\" alt=\"\" class=\"wp-image-657\" srcset=\"https:\/\/ifd-roof.com\/wp-content\/uploads\/2022\/07\/20190926-195833-2_674.jpeg 852w, https:\/\/ifd-roof.com\/wp-content\/uploads\/2022\/07\/20190926-195833-2_674-250x300.jpeg 250w, https:\/\/ifd-roof.com\/wp-content\/uploads\/2022\/07\/20190926-195833-2_674-768x923.jpeg 768w, https:\/\/ifd-roof.com\/wp-content\/uploads\/2022\/07\/20190926-195833-2_674-71x85.jpeg 71w\" sizes=\"(max-width: 852px) 100vw, 852px\" \/><\/figure>\n<\/div>\n\n\n\n<div class=\"wp-block-column is-layout-flow wp-block-column-is-layout-flow\" style=\"flex-basis:66.66%\">\n<p>Der NFRC ehrte Dr. William (Bill) Chan, einen langj\u00e4hrigen und verdienten Vertreter in nationalen und internationalen Normenaussch\u00fcssen sowie einen Vermittler zwischen Gro\u00df Britannien und seiner Heimat China. Auch der Pr\u00e4sident des Chinesischen Verbandes Mr. Dongqing Zhu w\u00fcrdigte Chan\u00b4s Verdienste.<\/p>\n<\/div>\n<\/div>\n\n\n\n<h2 class=\"wp-block-heading\">2.<strong>Teil der IFD Konferenz und Besichtigungsprogramm der Begleitpersonen<\/strong><\/h2>\n\n\n\n<div class=\"wp-block-columns is-layout-flex wp-container-core-columns-is-layout-9d6595d7 wp-block-columns-is-layout-flex\">\n<div class=\"wp-block-column is-layout-flow wp-block-column-is-layout-flow\" style=\"flex-basis:66.66%\">\n<p>Die begleitenden Personen besichtigten am Freitag die K\u00f6nigliche Yacht Britannia und hatten ein gemeinsames Mittagessen in dem sch\u00f6nen Ort Leith.<\/p>\n\n\n\n<p>Die Teilnehmer an der Konferenz h\u00f6rten Vortr\u00e4ge \u00fcber Marketing, \u00fcber Klimaereignisse und Lehren aus Windschadenmeldungen, \u00fcber Berufsqualifikationen und die Aufgaben und Ziele des britischen Verbandes NFRC wurden vorgestellt.<\/p>\n\n\n\n<p>Die Bedeutung von internationalen Beziehungen erl\u00e4uterte Scott Wightman vom schottischen Ausw\u00e4rtigem Amt. Auch f\u00fcr die IFD sind Beziehungen zu Partnern in anderen L\u00e4ndern sehr wichtig. Pr\u00e4sident Bisig freute sich, dass er die Marketingleiterin der Firma Yuhong aus China als neues Mitglied begr\u00fc\u00dfen konnte und sie zur Vorstellung der interessanten Firma auffordern konnte.<\/p>\n<\/div>\n\n\n\n<div class=\"wp-block-column is-layout-flow wp-block-column-is-layout-flow\" style=\"flex-basis:33.33%\">\n<figure class=\"wp-block-image size-full\"><img loading=\"lazy\" decoding=\"async\" width=\"1024\" height=\"731\" src=\"https:\/\/ifd-roof.com\/wp-content\/uploads\/2022\/07\/ifdcongress2019-print-331_823.jpeg\" alt=\"\" class=\"wp-image-658\" srcset=\"https:\/\/ifd-roof.com\/wp-content\/uploads\/2022\/07\/ifdcongress2019-print-331_823.jpeg 1024w, https:\/\/ifd-roof.com\/wp-content\/uploads\/2022\/07\/ifdcongress2019-print-331_823-300x214.jpeg 300w, https:\/\/ifd-roof.com\/wp-content\/uploads\/2022\/07\/ifdcongress2019-print-331_823-768x548.jpeg 768w, https:\/\/ifd-roof.com\/wp-content\/uploads\/2022\/07\/ifdcongress2019-print-331_823-71x51.jpeg 71w\" sizes=\"(max-width: 1024px) 100vw, 1024px\" \/><\/figure>\n<\/div>\n<\/div>\n\n\n\n<p>Bei der Mitgliederversammlung der IFD am folgenden Samstag sollte \u00fcber die Ausf\u00fchrungsorte der IFD Kongresse 2021 mit IFD AWARDS und 2022 mit IFD Weltmeisterschaft entschieden werden. Daf\u00fcr war jeweils ein Kandidat gefunden worden, die sich am Freitagnachmittag vorstellen konnten. Direktor Stauch bat um Zustimmung, den Kongress 2021 am Sitz der IFD in Marburg ausrichten zu k\u00f6nnen. Der Direktor des ungarischen Verbandes EMSZ m\u00f6chte den Kongress 2022 in Budapest durchf\u00fchren. Bei der Mitgliederversammlung wurden beide Durchf\u00fchrungsorte best\u00e4tigt. <\/p>\n\n\n\n<p>CWA Pr\u00e4sident ZHU stellte die ersten Entw\u00fcrfe der Modelle und Aufgaben f\u00fcr die Weltmeisterschaft Junger Dachdecker in Peking 2020 vor. Er hatte aufmerksame Zuh\u00f6rer und es wurde festgestellt, dass die Vorbereitungen schon weit gediehen sind, aber noch viel Arbeit zu erledigen ist, um gerechte und gut Beschriebene Aufgaben in der vorgegebenen Zeit an die teilnehmenden Teams verteilen zu k\u00f6nnen. Zhu wurde Unterst\u00fctzung von IFD Mitgliedern angeboten.<\/p>\n\n\n\n<p>Die Arbeit an historischen Geb\u00e4uden ist f\u00fcr die Erhaltung der Tradition und des lokalen Selbstverst\u00e4ndnisses eines Gebietes von enormer Bedeutung. F\u00fcr die beteiligten Planer und insbesondere auch die Dachdecker ist es immer eine Herausforderung, denn neue Techniken, Vorschriften und Produkte m\u00fcssen genutzt werden und trotzdem Altes erhalten oder wiederhergestellt werden. Roger Curtis von der Organisation Historische Umwelt Schottland stellte das Vorgehen in Schottland und die internationalen Erkenntnisse dazu vor.<\/p>\n\n\n\n<div class=\"wp-block-columns is-layout-flex wp-container-core-columns-is-layout-9d6595d7 wp-block-columns-is-layout-flex\">\n<div class=\"wp-block-column is-layout-flow wp-block-column-is-layout-flow\" style=\"flex-basis:33.33%\">\n<figure class=\"wp-block-image size-full\"><img loading=\"lazy\" decoding=\"async\" width=\"1024\" height=\"731\" src=\"https:\/\/ifd-roof.com\/wp-content\/uploads\/2022\/07\/ifdcongress2019-print-602_788.jpeg\" alt=\"\" class=\"wp-image-659\" srcset=\"https:\/\/ifd-roof.com\/wp-content\/uploads\/2022\/07\/ifdcongress2019-print-602_788.jpeg 1024w, https:\/\/ifd-roof.com\/wp-content\/uploads\/2022\/07\/ifdcongress2019-print-602_788-300x214.jpeg 300w, https:\/\/ifd-roof.com\/wp-content\/uploads\/2022\/07\/ifdcongress2019-print-602_788-768x548.jpeg 768w, https:\/\/ifd-roof.com\/wp-content\/uploads\/2022\/07\/ifdcongress2019-print-602_788-71x51.jpeg 71w\" sizes=\"(max-width: 1024px) 100vw, 1024px\" \/><\/figure>\n<\/div>\n\n\n\n<div class=\"wp-block-column is-layout-flow wp-block-column-is-layout-flow\" style=\"flex-basis:66.66%\">\n<h4 class=\"wp-block-heading\"><strong>Gala-Abend und Siegerehrung der IFD AWARDS in Assembly Rooms<\/strong><\/h4>\n\n\n\n<p>Traditionell findet am Freitagabend bei einem IFD Kongress der Festabend statt. In Verbindung mit den IFD AWARDS werden dann auch die Nominierten und Sieger geehrt. Auch in diesem Jahr fand der Galaabend gro\u00dfes Interesse und 300 G\u00e4ste trafen sich in den R\u00e4umen von Assembly Rooms. Das markante, aus dem 18. Jahrhundert stammende Geb\u00e4ude liegt mitten auf der George Street und damit auch inmitten von Edinburgh und seiner Neustadt.<\/p>\n\n\n\n<p>IFD Pr\u00e4sident Walter Bisig begr\u00fc\u00dfte zun\u00e4chst im Ballsaal die Pr\u00e4sidenten, die Nominierten, die G\u00e4ste und die Sponsoren der AWARDS. Der Lord Provost von Edinburgh Frank Ross (Oberb\u00fcrgermeister) wurde von Graeme Millar vorgestellt und sich freute so viele G\u00e4ste aus aller Welt in Edinburgh begr\u00fc\u00dfen zu k\u00f6nnen.<\/p>\n<\/div>\n<\/div>\n\n\n\n<div class=\"wp-block-columns is-layout-flex wp-container-core-columns-is-layout-9d6595d7 wp-block-columns-is-layout-flex\">\n<div class=\"wp-block-column is-layout-flow wp-block-column-is-layout-flow\" style=\"flex-basis:66.66%\">\n<h4 class=\"wp-block-heading\"><strong>Verleihung der IFD-Awards<\/strong><\/h4>\n\n\n\n<p>Nachdem die G\u00e4ste in der Music Hall ihre Pl\u00e4tze eingenommen hatten, begr\u00fc\u00dfte die Moderatorin des Abends Caroline Blair. Nach ihrer Begr\u00fc\u00dfung bat sie Pr\u00e4sident Bisig um eine Er\u00f6ffnungsrede.<\/p>\n\n\n\n<p>86 Projekte waren zum AWARD 2019 eingereicht worden. Dachdecker aus \u00d6sterreich, Estland, Lettland, GB, China, USA, Kanada, Russland, Slowakei, Deutschland und Irland haben sich beteiligt.<\/p>\n\n\n\n<p>Eingereicht wurden die Objekte von SRCA, EKFML, BI Dachdecker\/Baunebengewerbe, ENKE-Werke, Yuhong, CWA, Wienerberger, Sika Services, LV JA, Fakro, EMSZ, NFRC, CSS, NRU, \u00d6FHF, Lamilux und B\u00fc&amp;Ho.<\/p>\n\n\n\n<p>Er bedankte sich besonders bei den angereisten Nominierten, die den Weg nach Edinburgh auf sich genommen haben, insbesondere denen mit sehr weiter Anreise aus China, den USA und Russland. Sein Dank galt auch der Jury und den Sponsoren, die den Wettbewerb und die festliche Siegerehrung erm\u00f6glicht hatten.<\/p>\n\n\n\n<p>Caroline Blair bat f\u00fcr jede Kategorie die Nominierten, Vorstandsmitglieder und Sponsoren auf die B\u00fchne. Fotos wurden geschossen. Die Nominierten erhielten ihre Zertifikate. Anschlie\u00dfend wurden die Sieger verk\u00fcndet und ihnen die Siegerzertifikate und die Pokale ausgeh\u00e4ndigt. In der Kategorie Flachdach gab es in diesem Jahr erstmals zwei Sieger.<\/p>\n<\/div>\n\n\n\n<div class=\"wp-block-column is-layout-flow wp-block-column-is-layout-flow\" style=\"flex-basis:33.33%\">\n<figure class=\"wp-block-image size-full\"><img loading=\"lazy\" decoding=\"async\" width=\"1024\" height=\"731\" src=\"https:\/\/ifd-roof.com\/wp-content\/uploads\/2022\/07\/ifdcongress2019-print-633_748.jpeg\" alt=\"\" class=\"wp-image-660\" srcset=\"https:\/\/ifd-roof.com\/wp-content\/uploads\/2022\/07\/ifdcongress2019-print-633_748.jpeg 1024w, https:\/\/ifd-roof.com\/wp-content\/uploads\/2022\/07\/ifdcongress2019-print-633_748-300x214.jpeg 300w, https:\/\/ifd-roof.com\/wp-content\/uploads\/2022\/07\/ifdcongress2019-print-633_748-768x548.jpeg 768w, https:\/\/ifd-roof.com\/wp-content\/uploads\/2022\/07\/ifdcongress2019-print-633_748-71x51.jpeg 71w\" sizes=\"(max-width: 1024px) 100vw, 1024px\" \/><\/figure>\n<\/div>\n<\/div>\n","protected":false},"excerpt":{"rendered":"<p>Ein Kongress mit vielen Highlights \u2013 Edinburgh 2019 300 Teilnehmer aus 19 L\u00e4ndern, von China \u00fcber S\u00fcdafrika bis zu Kanada und den USA, aber mit Schwerpunkt Europa erlebten eine Begr\u00fc\u00dfung im schottischen Parlament, einen nationalen Abend im Edinburgh Castle und die Preisverleihung der IFD AWARDS beim Galaabend mit f\u00fcnf Preistr\u00e4gern in vier Kategorien. Und letztendlich&hellip;&nbsp;<a href=\"https:\/\/ifd-roof.com\/index.php\/2021\/10\/07\/67-ifd-kongress-2019-mit-ifd-award-in-edinburgh\/\" class=\"\" rel=\"bookmark\">Read More &raquo;<span class=\"screen-reader-text\">67. IFD Kongress 2019 mit IFD AWARD in Edinburgh<\/span><\/a><\/p>\n","protected":false},"author":2,"featured_media":647,"comment_status":"open","ping_status":"open","sticky":false,"template":"","format":"standard","meta":{"neve_meta_sidebar":"","neve_meta_container":"","neve_meta_enable_content_width":"","neve_meta_content_width":0,"neve_meta_title_alignment":"","neve_meta_author_avatar":"","neve_post_elements_order":"","neve_meta_disable_header":"","neve_meta_disable_footer":"","neve_meta_disable_title":"","footnotes":""},"categories":[5],"tags":[],"class_list":["post-186","post","type-post","status-publish","format-standard","has-post-thumbnail","hentry","category-ifd"],"_links":{"self":[{"href":"https:\/\/ifd-roof.com\/index.php\/wp-json\/wp\/v2\/posts\/186","targetHints":{"allow":["GET"]}}],"collection":[{"href":"https:\/\/ifd-roof.com\/index.php\/wp-json\/wp\/v2\/posts"}],"about":[{"href":"https:\/\/ifd-roof.com\/index.php\/wp-json\/wp\/v2\/types\/post"}],"author":[{"embeddable":true,"href":"https:\/\/ifd-roof.com\/index.php\/wp-json\/wp\/v2\/users\/2"}],"replies":[{"embeddable":true,"href":"https:\/\/ifd-roof.com\/index.php\/wp-json\/wp\/v2\/comments?post=186"}],"version-history":[{"count":3,"href":"https:\/\/ifd-roof.com\/index.php\/wp-json\/wp\/v2\/posts\/186\/revisions"}],"predecessor-version":[{"id":661,"href":"https:\/\/ifd-roof.com\/index.php\/wp-json\/wp\/v2\/posts\/186\/revisions\/661"}],"wp:featuredmedia":[{"embeddable":true,"href":"https:\/\/ifd-roof.com\/index.php\/wp-json\/wp\/v2\/media\/647"}],"wp:attachment":[{"href":"https:\/\/ifd-roof.com\/index.php\/wp-json\/wp\/v2\/media?parent=186"}],"wp:term":[{"taxonomy":"category","embeddable":true,"href":"https:\/\/ifd-roof.com\/index.php\/wp-json\/wp\/v2\/categories?post=186"},{"taxonomy":"post_tag","embeddable":true,"href":"https:\/\/ifd-roof.com\/index.php\/wp-json\/wp\/v2\/tags?post=186"}],"curies":[{"name":"wp","href":"https:\/\/api.w.org\/{rel}","templated":true}]}}