{"id":175,"date":"2021-10-07T19:21:17","date_gmt":"2021-10-07T17:21:17","guid":{"rendered":"https:\/\/www.projektdigital.at\/?p=175"},"modified":"2021-10-07T19:21:17","modified_gmt":"2021-10-07T17:21:17","slug":"ifd-kongress-2020","status":"publish","type":"post","link":"https:\/\/ifd-roof.com\/index.php\/2021\/10\/07\/ifd-kongress-2020\/","title":{"rendered":"IFD-Kongress + WM 2020 im Oktober in Peking &#8211; Absage und Verschiebung"},"content":{"rendered":"\n<p><a href=\"https:\/\/www.ifd-roof.com\/index.php?cmsid=J3N39ZFH8sFVbSB4bYDf&amp;action=10\"><\/a><\/p>\n\n\n\n<p>Sehr geehrte Damen und Herren<br><br>Wir haben mit einem Schreiben vom 11. M\u00e4rz 2020 die IFD Mitglieder&nbsp;\u00fcber die aktuellen Gedanken des Vorstandes auf Grund des Covid 19-Virus informiert und eine&nbsp; Umfrage durchgef\u00fchrt.<\/p>\n\n\n\n<p>Seit diesem Schreiben ist das COVID 19-Virus auf ein Pandemie-Niveau und in einem solchen Ma\u00dfe angewachsen, dass die meisten vo.n uns ihr Zuhause nur verlassen k\u00f6nnen, wenn sie wichtige Dinge wie Medikamente und Lebensmittel ben\u00f6tigen. Diese Ausgangssperre ist f\u00fcr viele unserer Mitglieder relevant. Diese weltweite Krise wird sich nur noch verschlimmern, bevor es eine Verbesserung gibt, und viele, viele Menschen werden an diesem Virus sterben.<\/p>\n\n\n\n<p>Seitdem ihre Antworten eingegangen sind, hat sich die Weltlage erheblich ver\u00e4ndert. Es ist nicht die Situation in China, die uns jetzt beunruhigt, sondern die Krise, die unsere Mitgliedsl\u00e4nder im Rest der Welt betrifft.<\/p>\n\n\n\n<p>Die Ergebnisse der Umfrage sind klar. Bis auf ein Land haben alle teilnehmenden Mitgliedsverb\u00e4nde nachdr\u00fccklich entschieden, nicht im Oktober 2020 nach Peking zu reisen oder an den Events teilzunehmen.<\/p>\n\n\n\n<p>Wenn es keine Konkurrenten gibt, gibt es keinen Wettbewerb!<\/p>\n\n\n\n<p>Zus\u00e4tzlich unterst\u00fctzt die \u00fcberw\u00e4ltigende Mehrheit aller Partnermitglieder und Sponsoren diese Auffassung.<\/p>\n\n\n\n<p>Der Vorstand und nahezu alle Mitglieder der IFD haben absolut keine Zweifel daran, dass die&nbsp;<strong>Absage der f\u00fcr Oktober 2020 vorgesehenen Veranstaltungen<\/strong>&nbsp;derzeit unsere einzige Option ist.<\/p>\n\n\n\n<p>Dar\u00fcber hinaus haben die Absage der Olympischen Spiele in Japan und die vielen Absagen von Veranstaltungen auf der ganzen Welt diese \u00e4u\u00dferst schwierige Entscheidung erleichtert, obwohl wir sehr traurig sind, dies tun zu m\u00fcssen.<\/p>\n\n\n\n<p>Wir haben dies in einem Schreiben Herrn Zhu und dem Chinesischen Verband CWA mitgeteilt und mit einem Vorschlag zur Verschiebung der Veranstaltungen verbunden.<\/p>\n\n\n\n<p>Wir w\u00fcnschen uns von CWA eine&nbsp;<strong>Verschiebung der Veranstaltungen auf das Fr\u00fchjahr 2021<\/strong>&nbsp;auf, zu einem f\u00fcr die CWA und Ihre Sponsoren geeigneten Zeitpunkt. Diese Option wird vom IFD-Vorstand einstimmig unterst\u00fctzt.<\/p>\n\n\n\n<p>Die f\u00fcr die Weltmeisterschaften vorgesehenen Teilnehmer k\u00f6nnten an der Veranstaltung im Fr\u00fchling teilnehmen und die weiteren Kongresse 2021 und 2022 k\u00f6nnten wie geplant durchgef\u00fchrt werden.<\/p>\n\n\n\n<p>Voraussetzung ist nat\u00fcrlich, dass das COVID-19 Virus Veranstaltungen im Fr\u00fchjahr 2021 zul\u00e4sst.<\/p>\n\n\n\n<p>Wir werden die Antwort und Vorschl\u00e4ge von CWA abwarten, die Entwicklung weiter beobachten und im Vorstand beraten, vorbereiten und ihnen die Ergebnisse mit ausreichender Vorlaufzeit mitteilen.<a href=\"https:\/\/www.ifd-roof.com\/docs\/200402-absage-cancellation_321.pdf\" target=\"_blank\" rel=\"noreferrer noopener\"><\/a><\/p>\n","protected":false},"excerpt":{"rendered":"<p>Sehr geehrte Damen und Herren Wir haben mit einem Schreiben vom 11. M\u00e4rz 2020 die IFD Mitglieder&nbsp;\u00fcber die aktuellen Gedanken des Vorstandes auf Grund des Covid 19-Virus informiert und eine&nbsp; Umfrage durchgef\u00fchrt. Seit diesem Schreiben ist das COVID 19-Virus auf ein Pandemie-Niveau und in einem solchen Ma\u00dfe angewachsen, dass die meisten vo.n uns ihr Zuhause&hellip;&nbsp;<a href=\"https:\/\/ifd-roof.com\/index.php\/2021\/10\/07\/ifd-kongress-2020\/\" class=\"\" rel=\"bookmark\">Read More &raquo;<span class=\"screen-reader-text\">IFD-Kongress + WM 2020 im Oktober in Peking &#8211; Absage und Verschiebung<\/span><\/a><\/p>\n","protected":false},"author":2,"featured_media":176,"comment_status":"open","ping_status":"open","sticky":false,"template":"","format":"standard","meta":{"neve_meta_sidebar":"","neve_meta_container":"","neve_meta_enable_content_width":"","neve_meta_content_width":0,"neve_meta_title_alignment":"","neve_meta_author_avatar":"","neve_post_elements_order":"","neve_meta_disable_header":"","neve_meta_disable_footer":"","neve_meta_disable_title":"","footnotes":""},"categories":[5],"tags":[],"class_list":["post-175","post","type-post","status-publish","format-standard","has-post-thumbnail","hentry","category-ifd"],"_links":{"self":[{"href":"https:\/\/ifd-roof.com\/index.php\/wp-json\/wp\/v2\/posts\/175","targetHints":{"allow":["GET"]}}],"collection":[{"href":"https:\/\/ifd-roof.com\/index.php\/wp-json\/wp\/v2\/posts"}],"about":[{"href":"https:\/\/ifd-roof.com\/index.php\/wp-json\/wp\/v2\/types\/post"}],"author":[{"embeddable":true,"href":"https:\/\/ifd-roof.com\/index.php\/wp-json\/wp\/v2\/users\/2"}],"replies":[{"embeddable":true,"href":"https:\/\/ifd-roof.com\/index.php\/wp-json\/wp\/v2\/comments?post=175"}],"version-history":[{"count":0,"href":"https:\/\/ifd-roof.com\/index.php\/wp-json\/wp\/v2\/posts\/175\/revisions"}],"wp:featuredmedia":[{"embeddable":true,"href":"https:\/\/ifd-roof.com\/index.php\/wp-json\/"}],"wp:attachment":[{"href":"https:\/\/ifd-roof.com\/index.php\/wp-json\/wp\/v2\/media?parent=175"}],"wp:term":[{"taxonomy":"category","embeddable":true,"href":"https:\/\/ifd-roof.com\/index.php\/wp-json\/wp\/v2\/categories?post=175"},{"taxonomy":"post_tag","embeddable":true,"href":"https:\/\/ifd-roof.com\/index.php\/wp-json\/wp\/v2\/tags?post=175"}],"curies":[{"name":"wp","href":"https:\/\/api.w.org\/{rel}","templated":true}]}}